{"id":224065,"date":"2024-11-11T20:47:14","date_gmt":"2024-11-11T20:47:14","guid":{"rendered":"https:\/\/saln.mr\/?p=224065"},"modified":"2025-07-01T18:58:11","modified_gmt":"2025-07-01T18:58:11","slug":"la-societe-damenagement-du-littoral-de-nouakchott-saln-recompensee-pour-ses-innovations-en-financement-climatique-au-forum-urbain-mondial-au-caire","status":"publish","type":"post","link":"https:\/\/saln.mr\/index.php\/2024\/11\/11\/la-societe-damenagement-du-littoral-de-nouakchott-saln-recompensee-pour-ses-innovations-en-financement-climatique-au-forum-urbain-mondial-au-caire\/","title":{"rendered":"La Soci\u00e9t\u00e9 d&rsquo;Am\u00e9nagement du Littoral de Nouakchott (SALN) r\u00e9compens\u00e9e pour ses innovations en financement climatique au Forum Urbain Mondial au Caire"},"content":{"rendered":"<p>[et_pb_section fb_built=\u00a0\u00bb1&Prime; _builder_version=\u00a0\u00bb4.23.1&Prime; _module_preset=\u00a0\u00bbdefault\u00a0\u00bb global_colors_info=\u00a0\u00bb{}\u00a0\u00bb][et_pb_row _builder_version=\u00a0\u00bb4.23.1&Prime; _module_preset=\u00a0\u00bbdefault\u00a0\u00bb global_colors_info=\u00a0\u00bb{}\u00a0\u00bb][et_pb_column type=\u00a0\u00bb4_4&Prime; _builder_version=\u00a0\u00bb4.23.1&Prime; _module_preset=\u00a0\u00bbdefault\u00a0\u00bb global_colors_info=\u00a0\u00bb{}\u00a0\u00bb][et_pb_text _builder_version=\u00a0\u00bb4.23.1&Prime; _module_preset=\u00a0\u00bbdefault\u00a0\u00bb hover_enabled=\u00a0\u00bb0&Prime; global_colors_info=\u00a0\u00bb{}\u00a0\u00bb sticky_enabled=\u00a0\u00bb0&Prime;]<\/p>\n<p>C\u2019est avec grande satisfaction que nous annon\u00e7ons que la Soci\u00e9t\u00e9 d&rsquo;Am\u00e9nagement du Littoral de Nouakchott (SALN) a re\u00e7u une distinction lors de la C\u00e9r\u00e9monie des Prix de l\u2019Innovation \u2013 Finance Your Cities (FYC) ! Cette c\u00e9r\u00e9monie a eu lieu au Caire (\u00c9gypte), dans le cadre du Forum Urbain Mondial (FUM 12).<\/p>\n<p>&nbsp;<\/p>\n<p>La SALN, plac\u00e9e sous la tutelle du minist\u00e8re de l&rsquo;Habitat, de l&rsquo;Urbanisme et de l&rsquo;Am\u00e9nagement du Territoire, a \u00e9t\u00e9 repr\u00e9sent\u00e9e par notre Directeur G\u00e9n\u00e9ral, Karim Gabriel, accompagn\u00e9 de repr\u00e9sentants du gouvernement de la R\u00e9publique Islamique de Mauritanie.<\/p>\n<p>&nbsp;<\/p>\n<p>Cette r\u00e9compense met en valeur les innovations mises en place par la SALN pour financer des solutions adapt\u00e9es aux changements climatiques. Elle t\u00e9moigne de notre engagement \u00e0 faire de Nouakchott une ville plus agr\u00e9able, durable et r\u00e9siliente face aux d\u00e9fis de l\u2019\u00e9rosion et des inondations c\u00f4ti\u00e8res.<\/p>\n<p>&nbsp;<\/p>\n<p>Nous tenons \u00e0 remercier tous nos partenaires, en particulier l&rsquo;\u00c9tat mauritanien et Meridiam, pour leur soutien pr\u00e9cieux et leur implication, permettant ainsi de faire de ce projet un mod\u00e8le int\u00e9gr\u00e9 de transformation et de d\u00e9veloppement au b\u00e9n\u00e9fice de la communaut\u00e9.<\/p>\n<p>&nbsp;<\/p>\n<p style=\"text-align: right;\">[\/et_pb_text][\/et_pb_column][\/et_pb_row][\/et_pb_section][et_pb_section fb_built=\u00a0\u00bb1&Prime; _builder_version=\u00a0\u00bb4.23.1&Prime; _module_preset=\u00a0\u00bbdefault\u00a0\u00bb global_colors_info=\u00a0\u00bb{}\u00a0\u00bb][et_pb_row _builder_version=\u00a0\u00bb4.23.1&Prime; _module_preset=\u00a0\u00bbdefault\u00a0\u00bb global_colors_info=\u00a0\u00bb{}\u00a0\u00bb][et_pb_column type=\u00a0\u00bb4_4&Prime; _builder_version=\u00a0\u00bb4.23.1&Prime; _module_preset=\u00a0\u00bbdefault\u00a0\u00bb global_colors_info=\u00a0\u00bb{}\u00a0\u00bb][et_pb_image src=\u00a0\u00bbhttps:\/\/saln.mr\/wp-content\/uploads\/2024\/11\/1730893334668.jpeg\u00a0\u00bb title_text=\u00a0\u00bb1730893334668&Prime; show_in_lightbox=\u00a0\u00bbon\u00a0\u00bb _builder_version=\u00a0\u00bb4.23.1&Prime; _module_preset=\u00a0\u00bbdefault\u00a0\u00bb global_colors_info=\u00a0\u00bb{}\u00a0\u00bb][\/et_pb_image][\/et_pb_column][\/et_pb_row][et_pb_row column_structure=\u00a0\u00bb1_3,1_3,1_3&Prime; _builder_version=\u00a0\u00bb4.23.1&Prime; _module_preset=\u00a0\u00bbdefault\u00a0\u00bb global_colors_info=\u00a0\u00bb{}\u00a0\u00bb][et_pb_column type=\u00a0\u00bb1_3&Prime; _builder_version=\u00a0\u00bb4.23.1&Prime; _module_preset=\u00a0\u00bbdefault\u00a0\u00bb global_colors_info=\u00a0\u00bb{}\u00a0\u00bb][et_pb_image src=\u00a0\u00bbhttps:\/\/saln.mr\/wp-content\/uploads\/2024\/11\/4.png\u00a0\u00bb title_text=\u00a0\u00bb4&Prime; show_in_lightbox=\u00a0\u00bbon\u00a0\u00bb _builder_version=\u00a0\u00bb4.23.1&Prime; _module_preset=\u00a0\u00bbdefault\u00a0\u00bb global_colors_info=\u00a0\u00bb{}\u00a0\u00bb][\/et_pb_image][\/et_pb_column][et_pb_column type=\u00a0\u00bb1_3&Prime; _builder_version=\u00a0\u00bb4.23.1&Prime; _module_preset=\u00a0\u00bbdefault\u00a0\u00bb global_colors_info=\u00a0\u00bb{}\u00a0\u00bb][et_pb_image src=\u00a0\u00bbhttps:\/\/saln.mr\/wp-content\/uploads\/2024\/11\/3.png\u00a0\u00bb title_text=\u00a0\u00bb3&Prime; show_in_lightbox=\u00a0\u00bbon\u00a0\u00bb _builder_version=\u00a0\u00bb4.23.1&Prime; _module_preset=\u00a0\u00bbdefault\u00a0\u00bb global_colors_info=\u00a0\u00bb{}\u00a0\u00bb][\/et_pb_image][\/et_pb_column][et_pb_column type=\u00a0\u00bb1_3&Prime; _builder_version=\u00a0\u00bb4.23.1&Prime; _module_preset=\u00a0\u00bbdefault\u00a0\u00bb global_colors_info=\u00a0\u00bb{}\u00a0\u00bb][et_pb_image src=\u00a0\u00bbhttps:\/\/saln.mr\/wp-content\/uploads\/2024\/11\/2.png\u00a0\u00bb title_text=\u00a0\u00bb2&Prime; show_in_lightbox=\u00a0\u00bbon\u00a0\u00bb _builder_version=\u00a0\u00bb4.23.1&Prime; _module_preset=\u00a0\u00bbdefault\u00a0\u00bb global_colors_info=\u00a0\u00bb{}\u00a0\u00bb][\/et_pb_image][\/et_pb_column][\/et_pb_row][\/et_pb_section]<\/p>\n","protected":false},"excerpt":{"rendered":"<p>C\u2019est avec grande satisfaction que nous annon\u00e7ons que la Soci\u00e9t\u00e9 d&rsquo;Am\u00e9nagement du Littoral de Nouakchott (SALN) a re\u00e7u une distinction lors de la C\u00e9r\u00e9monie des Prix de l\u2019Innovation \u2013 Finance Your Cities (FYC) ! Cette c\u00e9r\u00e9monie a eu lieu au Caire (\u00c9gypte), dans le cadre du Forum Urbain Mondial (FUM 12). &nbsp; La SALN, plac\u00e9e [&hellip;]<\/p>\n","protected":false},"author":4,"featured_media":224072,"comment_status":"open","ping_status":"open","sticky":false,"template":"","format":"standard","meta":{"_et_pb_use_builder":"on","_et_pb_old_content":"","_et_gb_content_width":"","footnotes":""},"categories":[1],"tags":[],"class_list":["post-224065","post","type-post","status-publish","format-standard","has-post-thumbnail","hentry","category-blog"],"_links":{"self":[{"href":"https:\/\/saln.mr\/index.php\/wp-json\/wp\/v2\/posts\/224065","targetHints":{"allow":["GET"]}}],"collection":[{"href":"https:\/\/saln.mr\/index.php\/wp-json\/wp\/v2\/posts"}],"about":[{"href":"https:\/\/saln.mr\/index.php\/wp-json\/wp\/v2\/types\/post"}],"author":[{"embeddable":true,"href":"https:\/\/saln.mr\/index.php\/wp-json\/wp\/v2\/users\/4"}],"replies":[{"embeddable":true,"href":"https:\/\/saln.mr\/index.php\/wp-json\/wp\/v2\/comments?post=224065"}],"version-history":[{"count":13,"href":"https:\/\/saln.mr\/index.php\/wp-json\/wp\/v2\/posts\/224065\/revisions"}],"predecessor-version":[{"id":224442,"href":"https:\/\/saln.mr\/index.php\/wp-json\/wp\/v2\/posts\/224065\/revisions\/224442"}],"wp:featuredmedia":[{"embeddable":true,"href":"https:\/\/saln.mr\/index.php\/wp-json\/wp\/v2\/media\/224072"}],"wp:attachment":[{"href":"https:\/\/saln.mr\/index.php\/wp-json\/wp\/v2\/media?parent=224065"}],"wp:term":[{"taxonomy":"category","embeddable":true,"href":"https:\/\/saln.mr\/index.php\/wp-json\/wp\/v2\/categories?post=224065"},{"taxonomy":"post_tag","embeddable":true,"href":"https:\/\/saln.mr\/index.php\/wp-json\/wp\/v2\/tags?post=224065"}],"curies":[{"name":"wp","href":"https:\/\/api.w.org\/{rel}","templated":true}]}}