{"id":224139,"date":"2025-04-18T00:27:12","date_gmt":"2025-04-18T00:27:12","guid":{"rendered":"https:\/\/saln.mr\/?p=224139"},"modified":"2025-07-01T19:04:11","modified_gmt":"2025-07-01T19:04:11","slug":"atelier-de-presentation-du-projet-de-protection-et-de-valorisation-du-littoral-de-nouakchott-2","status":"publish","type":"post","link":"https:\/\/saln.mr\/index.php\/2025\/04\/18\/atelier-de-presentation-du-projet-de-protection-et-de-valorisation-du-littoral-de-nouakchott-2\/","title":{"rendered":"Atelier de pr\u00e9sentation du projet de protection et de valorisation du littoral de Nouakchott"},"content":{"rendered":"<p>[et_pb_section fb_built=\u00a0\u00bb1&Prime; _builder_version=\u00a0\u00bb4.16&Prime; global_colors_info=\u00a0\u00bb{}\u00a0\u00bb][et_pb_row _builder_version=\u00a0\u00bb4.16&Prime; background_size=\u00a0\u00bbinitial\u00a0\u00bb background_position=\u00a0\u00bbtop_left\u00a0\u00bb background_repeat=\u00a0\u00bbrepeat\u00a0\u00bb global_colors_info=\u00a0\u00bb{}\u00a0\u00bb][et_pb_column type=\u00a0\u00bb4_4&Prime; _builder_version=\u00a0\u00bb4.16&Prime; custom_padding=\u00a0\u00bb|||\u00a0\u00bb global_colors_info=\u00a0\u00bb{}\u00a0\u00bb custom_padding__hover=\u00a0\u00bb|||\u00a0\u00bb][et_pb_text _builder_version=\u00a0\u00bb4.16&Prime; background_size=\u00a0\u00bbinitial\u00a0\u00bb background_position=\u00a0\u00bbtop_left\u00a0\u00bb background_repeat=\u00a0\u00bbrepeat\u00a0\u00bb global_colors_info=\u00a0\u00bb{}\u00a0\u00bb]<!-- divi:paragraph --><\/p>\n<p>&nbsp;<\/p>\n<p>&nbsp;<\/p>\n<p><!-- \/divi:paragraph --><\/p>\n<p>&nbsp;<\/p>\n<p><!-- divi:paragraph --><\/p>\n<p>Le jeudi 10 avril 2025, un atelier d&rsquo;\u00e9change s\u2019est tenu avec les \u00e9lus locaux et les repr\u00e9sentants des autorit\u00e9s nationales, consacr\u00e9 \u00e0 la pr\u00e9sentation des grandes orientations du projet de protection et de valorisation du littoral de Nouakchott.<\/p>\n<p>&nbsp;<\/p>\n<p><!-- \/divi:paragraph --><\/p>\n<p>&nbsp;<\/p>\n<p><!-- divi:paragraph --><\/p>\n<p>Cet atelier a permis de partager les axes de programmation pr\u00e9vus dans le cadre du projet \u2013 am\u00e9nagements de protection contre les risques climatiques, infrastructures r\u00e9silientes, cr\u00e9ation de nouveaux espaces urbains \u2013 et d\u2019ouvrir un dialogue constructif autour des enjeux fonciers.<\/p>\n<p>&nbsp;<\/p>\n<p><!-- \/divi:paragraph --><\/p>\n<p>&nbsp;<\/p>\n<p><!-- divi:paragraph --><\/p>\n<p>Les \u00e9changes ont soulign\u00e9 l&rsquo;importance d\u2019une approche partenariale pour garantir la durabilit\u00e9 du projet et son ancrage territorial.<\/p>\n<p>&nbsp;<\/p>\n<p><!-- \/divi:paragraph --><\/p>\n<p>&nbsp;<\/p>\n<p><!-- divi:paragraph --><\/p>\n<p>Un grand merci \u00e0 toutes les parties prenantes pour leur pr\u00e9sence et leur engagement !<\/p>\n<p>&nbsp;<\/p>\n<p><!-- \/divi:paragraph -->[\/et_pb_text][\/et_pb_column][\/et_pb_row][et_pb_row column_structure=\u00a0\u00bb1_4,1_4,1_4,1_4&Prime; _builder_version=\u00a0\u00bb4.23.1&Prime; _module_preset=\u00a0\u00bbdefault\u00a0\u00bb global_colors_info=\u00a0\u00bb{}\u00a0\u00bb][et_pb_column type=\u00a0\u00bb1_4&Prime; _builder_version=\u00a0\u00bb4.23.1&Prime; _module_preset=\u00a0\u00bbdefault\u00a0\u00bb global_colors_info=\u00a0\u00bb{}\u00a0\u00bb][et_pb_image src=\u00a0\u00bbhttps:\/\/saln.mr\/wp-content\/uploads\/2025\/04\/image011-1.jpg\u00a0\u00bb title_text=\u00a0\u00bbimage011 (1)\u00a0\u00bb _builder_version=\u00a0\u00bb4.23.1&Prime; _module_preset=\u00a0\u00bbdefault\u00a0\u00bb global_colors_info=\u00a0\u00bb{}\u00a0\u00bb][\/et_pb_image][\/et_pb_column][et_pb_column type=\u00a0\u00bb1_4&Prime; _builder_version=\u00a0\u00bb4.23.1&Prime; _module_preset=\u00a0\u00bbdefault\u00a0\u00bb global_colors_info=\u00a0\u00bb{}\u00a0\u00bb][et_pb_image src=\u00a0\u00bbhttps:\/\/saln.mr\/wp-content\/uploads\/2025\/04\/image010.jpg\u00a0\u00bb title_text=\u00a0\u00bbimage010&Prime; _builder_version=\u00a0\u00bb4.23.1&Prime; _module_preset=\u00a0\u00bbdefault\u00a0\u00bb global_colors_info=\u00a0\u00bb{}\u00a0\u00bb][\/et_pb_image][\/et_pb_column][et_pb_column type=\u00a0\u00bb1_4&Prime; _builder_version=\u00a0\u00bb4.23.1&Prime; _module_preset=\u00a0\u00bbdefault\u00a0\u00bb global_colors_info=\u00a0\u00bb{}\u00a0\u00bb][et_pb_image src=\u00a0\u00bbhttps:\/\/saln.mr\/wp-content\/uploads\/2025\/04\/image009.jpg\u00a0\u00bb title_text=\u00a0\u00bbimage009&Prime; _builder_version=\u00a0\u00bb4.23.1&Prime; _module_preset=\u00a0\u00bbdefault\u00a0\u00bb global_colors_info=\u00a0\u00bb{}\u00a0\u00bb][\/et_pb_image][\/et_pb_column][et_pb_column type=\u00a0\u00bb1_4&Prime; _builder_version=\u00a0\u00bb4.23.1&Prime; _module_preset=\u00a0\u00bbdefault\u00a0\u00bb global_colors_info=\u00a0\u00bb{}\u00a0\u00bb][et_pb_image src=\u00a0\u00bbhttps:\/\/saln.mr\/wp-content\/uploads\/2025\/04\/image008.jpg\u00a0\u00bb title_text=\u00a0\u00bbimage008&Prime; _builder_version=\u00a0\u00bb4.23.1&Prime; _module_preset=\u00a0\u00bbdefault\u00a0\u00bb global_colors_info=\u00a0\u00bb{}\u00a0\u00bb][\/et_pb_image][\/et_pb_column][\/et_pb_row][\/et_pb_section]<\/p>\n","protected":false},"excerpt":{"rendered":"<p>&nbsp; &nbsp; &nbsp; Le jeudi 10 avril 2025, un atelier d&rsquo;\u00e9change s\u2019est tenu avec les \u00e9lus locaux et les repr\u00e9sentants des autorit\u00e9s nationales, consacr\u00e9 \u00e0 la pr\u00e9sentation des grandes orientations du projet de protection et de valorisation du littoral de Nouakchott. &nbsp; &nbsp; Cet atelier a permis de partager les axes de programmation pr\u00e9vus dans [&hellip;]<\/p>\n","protected":false},"author":4,"featured_media":224140,"comment_status":"open","ping_status":"open","sticky":false,"template":"","format":"standard","meta":{"_et_pb_use_builder":"on","_et_pb_old_content":"<!-- wp:paragraph -->\n<p>\u064a\u0648\u0645 \u0627\u0644\u062e\u0645\u064a\u0633 10 \u0623\u0628\u0631\u064a\u0644 2025\u060c \u0646\u064f\u0638\u0651\u0645\u062a \u0648\u0631\u0634\u0629 \u062a\u0628\u0627\u062f\u0644 \u0645\u0639 \u0627\u0644\u0645\u0646\u062a\u062e\u0628\u064a\u0646 \u0627\u0644\u0645\u062d\u0644\u064a\u064a\u0646 \u0648\u0645\u0645\u062b\u0644\u064a \u0627\u0644\u0633\u0644\u0637\u0627\u062a \u0627\u0644\u0648\u0637\u0646\u064a\u0629\u060c \u0644\u0639\u0631\u0636 \u0627\u0644\u062a\u0648\u062c\u0647\u0627\u062a \u0627\u0644\u0643\u0628\u0631\u0649 \u0644\u0645\u0634\u0631\u0648\u0639 \u062d\u0645\u0627\u064a\u0629 \u0648\u062a\u062b\u0645\u064a\u0646 \u0634\u0627\u0637\u0626 \u0646\u0648\u0627\u0643\u0634\u0648\u0637.<\/p>\n<!-- \/wp:paragraph -->\n\n<!-- wp:paragraph -->\n<p>\u0648\u0642\u062f \u0645\u0643\u0651\u0646\u062a \u0647\u0630\u0647 \u0627\u0644\u0648\u0631\u0634\u0629 \u0645\u0646 \u0645\u0634\u0627\u0631\u0643\u0629 \u0645\u062d\u0627\u0648\u0631 \u0627\u0644\u0628\u0631\u0645\u062c\u0629 \u0627\u0644\u0645\u062a\u0648\u0642\u0639\u0629 \u0641\u064a \u0625\u0637\u0627\u0631 \u0627\u0644\u0645\u0634\u0631\u0648\u0639 \u2013 \u0645\u0646 \u062a\u062c\u0647\u064a\u0632\u0627\u062a \u0644\u0644\u062d\u0645\u0627\u064a\u0629 \u0636\u062f \u0627\u0644\u0645\u062e\u0627\u0637\u0631 \u0627\u0644\u0645\u0646\u0627\u062e\u064a\u0629\u060c \u0648\u0628\u064f\u0646\u0649 \u062a\u062d\u062a\u064a\u0629 \u0645\u0642\u0627\u0648\u0645\u0629\u060c \u0648\u062e\u0644\u0642 \u0641\u0636\u0627\u0621\u0627\u062a \u062d\u0636\u0631\u064a\u0629 \u062c\u062f\u064a\u062f\u0629 \u2013 \u0648\u0641\u062a\u062d\u062a \u062d\u0648\u0627\u0631\u064b\u0627 \u0628\u0646\u0651\u0627\u0621\u064b \u062d\u0648\u0644 \u0642\u0636\u0627\u064a\u0627 \u0627\u0644\u0645\u0644\u0643\u064a\u0629 \u0627\u0644\u0639\u0642\u0627\u0631\u064a\u0629.<\/p>\n<!-- \/wp:paragraph -->\n\n<!-- wp:paragraph -->\n<p>\u0648\u0642\u062f \u0623\u0643\u0651\u062f\u062a \u0627\u0644\u0645\u0646\u0627\u0642\u0634\u0627\u062a \u0639\u0644\u0649 \u0623\u0647\u0645\u064a\u0629 \u0627\u062a\u0628\u0627\u0639 \u0645\u0642\u0627\u0631\u0628\u0629 \u062a\u0634\u0627\u0631\u0643\u064a\u0629 \u0644\u0636\u0645\u0627\u0646 \u0627\u0633\u062a\u062f\u0627\u0645\u0629 \u0627\u0644\u0645\u0634\u0631\u0648\u0639 \u0648\u062a\u062c\u0630\u0631\u0647 \u0641\u064a \u0627\u0644\u0625\u0642\u0644\u064a\u0645.<\/p>\n<!-- \/wp:paragraph -->\n\n<!-- wp:paragraph -->\n<p>\u0634\u0643\u0631 \u062c\u0632\u064a\u0644 \u0644\u062c\u0645\u064a\u0639 \u0627\u0644\u0623\u0637\u0631\u0627\u0641 \u0627\u0644\u0645\u0639\u0646\u064a\u0629 \u0639\u0644\u0649 \u062d\u0636\u0648\u0631\u0647\u0645 \u0648\u0627\u0644\u062a\u0632\u0627\u0645\u0647\u0645 !&nbsp;<\/p>\n<!-- \/wp:paragraph -->\n\n<!-- wp:paragraph -->\n<p>Le jeudi 10 avril 2025, un atelier d'\u00e9change s\u2019est tenu avec les \u00e9lus locaux et les repr\u00e9sentants des autorit\u00e9s nationales, consacr\u00e9 \u00e0 la pr\u00e9sentation des grandes orientations du projet de protection et de valorisation du littoral de Nouakchott.<\/p>\n<!-- \/wp:paragraph -->\n\n<!-- wp:paragraph -->\n<p>Cet atelier a permis de partager les axes de programmation pr\u00e9vus dans le cadre du projet \u2013 am\u00e9nagements de protection contre les risques climatiques, infrastructures r\u00e9silientes, cr\u00e9ation de nouveaux espaces urbains \u2013 et d\u2019ouvrir un dialogue constructif autour des enjeux fonciers.<\/p>\n<!-- \/wp:paragraph -->\n\n<!-- wp:paragraph -->\n<p>Les \u00e9changes ont soulign\u00e9 l'importance d\u2019une approche partenariale pour garantir la durabilit\u00e9 du projet et son ancrage territorial.<\/p>\n<!-- \/wp:paragraph -->\n\n<!-- wp:paragraph -->\n<p>Un grand merci \u00e0 toutes les parties prenantes pour leur pr\u00e9sence et leur engagement !<\/p>\n<!-- \/wp:paragraph -->","_et_gb_content_width":"","footnotes":""},"categories":[1],"tags":[],"class_list":["post-224139","post","type-post","status-publish","format-standard","has-post-thumbnail","hentry","category-blog"],"_links":{"self":[{"href":"https:\/\/saln.mr\/index.php\/wp-json\/wp\/v2\/posts\/224139","targetHints":{"allow":["GET"]}}],"collection":[{"href":"https:\/\/saln.mr\/index.php\/wp-json\/wp\/v2\/posts"}],"about":[{"href":"https:\/\/saln.mr\/index.php\/wp-json\/wp\/v2\/types\/post"}],"author":[{"embeddable":true,"href":"https:\/\/saln.mr\/index.php\/wp-json\/wp\/v2\/users\/4"}],"replies":[{"embeddable":true,"href":"https:\/\/saln.mr\/index.php\/wp-json\/wp\/v2\/comments?post=224139"}],"version-history":[{"count":5,"href":"https:\/\/saln.mr\/index.php\/wp-json\/wp\/v2\/posts\/224139\/revisions"}],"predecessor-version":[{"id":224447,"href":"https:\/\/saln.mr\/index.php\/wp-json\/wp\/v2\/posts\/224139\/revisions\/224447"}],"wp:featuredmedia":[{"embeddable":true,"href":"https:\/\/saln.mr\/index.php\/wp-json\/wp\/v2\/media\/224140"}],"wp:attachment":[{"href":"https:\/\/saln.mr\/index.php\/wp-json\/wp\/v2\/media?parent=224139"}],"wp:term":[{"taxonomy":"category","embeddable":true,"href":"https:\/\/saln.mr\/index.php\/wp-json\/wp\/v2\/categories?post=224139"},{"taxonomy":"post_tag","embeddable":true,"href":"https:\/\/saln.mr\/index.php\/wp-json\/wp\/v2\/tags?post=224139"}],"curies":[{"name":"wp","href":"https:\/\/api.w.org\/{rel}","templated":true}]}}